{"id":10241,"date":"2024-12-30T10:04:08","date_gmt":"2024-12-30T10:04:08","guid":{"rendered":"https:\/\/suministressantfeliu.com\/comprar\/?p=10241"},"modified":"2025-01-07T09:31:59","modified_gmt":"2025-01-07T09:31:59","slug":"ambientador-industrial-calvin-klein","status":"publish","type":"post","link":"https:\/\/suministressantfeliu.com\/comprar\/ambientador-industrial-calvin-klein\/","title":{"rendered":"Comprar Ambientador Industrial con Aroma Calvin Klein"},"content":{"rendered":"\n<div class=\"wp-block-buttons is-content-justification-center is-layout-flex wp-container-core-buttons-is-layout-16018d1d wp-block-buttons-is-layout-flex\">\n<div class=\"wp-block-button has-custom-font-size is-style-fill\" style=\"font-size:23px\"><a class=\"wp-block-button__link has-white-color has-vivid-cyan-blue-background-color has-text-color has-background has-link-color wp-element-button\" href=\"https:\/\/suministressantfeliu.com\/comprar\/ambientador-industrial-a-granel-con-aroma-calvin-klein-uso-profesional-garrafa-de-5-litros\/\" style=\"border-radius:17px\">Comprar Ambientador<\/a><\/div>\n<\/div>\n\n\n\n<p>El <strong>ambientador industrial<\/strong> con aroma Calvin Klein es una soluci\u00f3n premium para quienes buscan crear ambientes agradables y refinados. Este producto se presenta en un formato pr\u00e1ctico de garrafa de 5 litros, lo que garantiza una larga duraci\u00f3n y facilidad de uso en espacios de alta demanda. Su cierre con tap\u00f3n de rosca asegura la conservaci\u00f3n de todas sus propiedades arom\u00e1ticas, permitiendo disfrutar de su fragancia fresca e intensa durante m\u00e1s tiempo.<\/p>\n\n\n\n<p>Este ambientador es ideal para negocios, oficinas, locales comerciales y salas de reuniones, donde la primera impresi\u00f3n es crucial. Tambi\u00e9n es perfecto para comercios, cafeter\u00edas y cualquier espacio del hogar, como ba\u00f1os, salones y habitaciones, aportando un toque de elegancia y frescura.<\/p>\n\n\n\n<h2 class=\"wp-block-heading\">Beneficios del Ambientador Calvin Klein<\/h2>\n\n\n\n<ol class=\"wp-block-list\">\n<li><strong>Fragancia Sofisticada y Vers\u00e1til<\/strong><br>Inspirado en los perfumes Calvin Klein, este ambientador proporciona una fragancia agradable y duradera que evoca lujo y modernidad. Es capaz de adaptarse a diferentes espacios y contextos sin resultar invasivo.<\/li>\n\n\n\n<li><strong>Gran Eficiencia contra Malos Olores<\/strong><br>Es especialmente eficiente para neutralizar olores fuertes como el tabaco o las mascotas, dejando un ambiente limpio y fresco.<\/li>\n\n\n\n<li><strong>F\u00e1cil Aplicaci\u00f3n y Alta Duraci\u00f3n<\/strong><br>Gracias a su formato industrial, es adecuado para grandes espacios y aplicaciones frecuentes, ofreciendo una excelente relaci\u00f3n calidad-precio.<\/li>\n<\/ol>\n\n\n\n<h2 class=\"wp-block-heading\">\u00bfPor Qu\u00e9 Elegir un Ambientador Industrial?<\/h2>\n\n\n\n<p>Los <strong>ambientadores industriales<\/strong> est\u00e1n dise\u00f1ados para ofrecer resultados consistentes en entornos exigentes. A diferencia de los productos dom\u00e9sticos, su f\u00f3rmula concentrada asegura una difusi\u00f3n m\u00e1s prolongada y efectiva, cubriendo \u00e1reas amplias con un m\u00ednimo esfuerzo.<\/p>\n\n\n\n<p>El aroma Calvin Klein, en particular, ha sido desarrollado para combinar notas frescas y equilibradas, creando un entorno acogedor y agradable que impacta positivamente en el estado de \u00e1nimo y la experiencia de los visitantes.<\/p>\n\n\n\n<h2 class=\"wp-block-heading\">Aplicaciones del Ambientador Industrial con Aroma Calvin Klein<\/h2>\n\n\n\n<h4 class=\"wp-block-heading\">En Espacios Comerciales y Profesionales<\/h4>\n\n\n\n<ul class=\"wp-block-list\">\n<li><strong>Oficinas y Salas de Reuniones<\/strong><br>Un ambiente fresco y elegante favorece la productividad y las relaciones laborales. La fragancia Calvin Klein aporta un toque distintivo que los empleados y clientes recordar\u00e1n.<\/li>\n\n\n\n<li><strong>Tiendas y Locales Comerciales<\/strong><br>En el comercio, el aroma influye en las emociones de los compradores, ayudando a crear una experiencia memorable y aumentar el tiempo de permanencia.<\/li>\n\n\n\n<li><strong>Cafeter\u00edas y Restaurantes<\/strong><br>Mantener un ambiente limpio y agradable es esencial en el sector de la hosteler\u00eda. Este ambientador elimina olores persistentes y realza la percepci\u00f3n del lugar.<\/li>\n<\/ul>\n\n\n\n<h4 class=\"wp-block-heading\">En el Hogar<\/h4>\n\n\n\n<ul class=\"wp-block-list\">\n<li><strong>Ba\u00f1os y Cocinas<\/strong><br>Neutraliza los olores fuertes de forma eficaz, dejando un aroma fresco y duradero.<\/li>\n\n\n\n<li><strong>Salones y Habitaciones<\/strong><br>Ideal para mantener un ambiente acogedor y libre de olores no deseados, como tabaco o mascotas.<\/li>\n<\/ul>\n\n\n\n<h4 class=\"wp-block-heading\">En el \u00c1mbito Industrial<\/h4>\n\n\n\n<p>Este producto tambi\u00e9n es adecuado para espacios de alta rotaci\u00f3n, como gimnasios, hoteles o salas de espera, donde se requiere una soluci\u00f3n arom\u00e1tica potente y confiable.<\/p>\n\n\n\n<h2 class=\"wp-block-heading\">Consejos para el Uso del Ambientador Industrial<\/h2>\n\n\n\n<ol class=\"wp-block-list\">\n<li><strong>Dosificaci\u00f3n Correcta<\/strong><br>Aunque la f\u00f3rmula es concentrada, es importante no excederse en la aplicaci\u00f3n para evitar saturar el espacio. Un difusor o pulverizador puede ser \u00fatil para distribuir la fragancia de manera uniforme.<\/li>\n\n\n\n<li><strong>Ventilaci\u00f3n Adecuada<\/strong><br>Complementar el uso del ambientador con una buena ventilaci\u00f3n asegurar\u00e1 que el aroma se mantenga fresco y agradable.<\/li>\n\n\n\n<li><strong>Frecuencia de Aplicaci\u00f3n<\/strong><br>Ajusta la frecuencia seg\u00fan el nivel de uso del espacio. En \u00e1reas de alta rotaci\u00f3n, puede ser necesario reaplicar varias veces al d\u00eda.<\/li>\n<\/ol>\n\n\n\n<h3 class=\"wp-block-heading\">Para terminar&#8230;.<\/h3>\n\n\n\n<p>El<strong> <a href=\"https:\/\/suministressantfeliu.com\/comprar\/ambientador-industrial-a-granel-con-aroma-calvin-klein-uso-profesional-garrafa-de-5-litros\/\">ambientador industrial con aroma Calvin Klein<\/a> <\/strong>es una elecci\u00f3n perfecta para quienes buscan un producto de alta calidad que combine efectividad, versatilidad y un aroma inolvidable. Su formato en garrafa de 5 litros y su capacidad para neutralizar olores lo convierten en una herramienta imprescindible tanto para negocios como para el hogar.<\/p>\n\n\n\n<p>Ya sea en una oficina, una tienda, una cafeter\u00eda o tu propia casa, este ambientador transformar\u00e1 cualquier espacio en un lugar lleno de frescura y sofisticaci\u00f3n. \u00a1Haz de tu entorno un reflejo de estilo y bienestar con el aroma Calvin Klein!<\/p>\n\n\n\n<p><\/p>\n","protected":false},"excerpt":{"rendered":"<p>El ambientador industrial con aroma Calvin Klein es una soluci\u00f3n premium para quienes buscan crear ambientes agradables y refinados. Este producto se presenta en un formato pr\u00e1ctico de garrafa de 5 litros, lo que garantiza una larga duraci\u00f3n y facilidad de uso en espacios de alta demanda. Su cierre con tap\u00f3n de rosca asegura la [&hellip;]<\/p>\n","protected":false},"author":1,"featured_media":10243,"comment_status":"closed","ping_status":"closed","sticky":false,"template":"","format":"standard","meta":{"footnotes":""},"categories":[73],"tags":[],"class_list":["post-10241","post","type-post","status-publish","format-standard","has-post-thumbnail","hentry","category-blog"],"yoast_head":"<!-- This site is optimized with the Yoast SEO plugin v27.5 - https:\/\/yoast.com\/product\/yoast-seo-wordpress\/ -->\n<title>Comprar Ambientador Industrial con Aroma Calvin Klein<\/title>\n<meta name=\"description\" content=\"Descubre el ambientador industrial con aroma Calvin Klein, ideal para negocios y hogares. Neutraliza olores y aporta frescura duradera\" \/>\n<meta name=\"robots\" content=\"index, follow, max-snippet:-1, max-image-preview:large, max-video-preview:-1\" \/>\n<link rel=\"canonical\" href=\"https:\/\/suministressantfeliu.com\/comprar\/ambientador-industrial-calvin-klein\/\" \/>\n<meta property=\"og:locale\" content=\"es_ES\" \/>\n<meta property=\"og:type\" content=\"article\" \/>\n<meta property=\"og:title\" content=\"Comprar Ambientador Industrial con Aroma Calvin Klein\" \/>\n<meta property=\"og:description\" content=\"Descubre el ambientador industrial con aroma Calvin Klein, ideal para negocios y hogares. Neutraliza olores y aporta frescura duradera\" \/>\n<meta property=\"og:url\" content=\"https:\/\/suministressantfeliu.com\/comprar\/ambientador-industrial-calvin-klein\/\" \/>\n<meta property=\"og:site_name\" content=\"Venta Productos de hosteler\u00eda Barcelona\" \/>\n<meta property=\"article:published_time\" content=\"2024-12-30T10:04:08+00:00\" \/>\n<meta property=\"article:modified_time\" content=\"2025-01-07T09:31:59+00:00\" \/>\n<meta property=\"og:image\" content=\"https:\/\/suministressantfeliu.com\/comprar\/wp-content\/uploads\/2024\/12\/ambientador-industrial-calvin-klein.jpg\" \/>\n\t<meta property=\"og:image:width\" content=\"1694\" \/>\n\t<meta property=\"og:image:height\" content=\"1126\" \/>\n\t<meta property=\"og:image:type\" content=\"image\/jpeg\" \/>\n<meta name=\"author\" content=\"comercial-fran\" \/>\n<meta name=\"twitter:card\" content=\"summary_large_image\" \/>\n<meta name=\"twitter:label1\" content=\"Escrito por\" \/>\n\t<meta name=\"twitter:data1\" content=\"comercial-fran\" \/>\n\t<meta name=\"twitter:label2\" content=\"Tiempo de lectura\" \/>\n\t<meta name=\"twitter:data2\" content=\"4 minutos\" \/>\n<script type=\"application\/ld+json\" class=\"yoast-schema-graph\">{\"@context\":\"https:\\\/\\\/schema.org\",\"@graph\":[{\"@type\":\"Article\",\"@id\":\"https:\\\/\\\/suministressantfeliu.com\\\/comprar\\\/ambientador-industrial-calvin-klein\\\/#article\",\"isPartOf\":{\"@id\":\"https:\\\/\\\/suministressantfeliu.com\\\/comprar\\\/ambientador-industrial-calvin-klein\\\/\"},\"author\":{\"name\":\"comercial-fran\",\"@id\":\"https:\\\/\\\/suministressantfeliu.com\\\/comprar\\\/#\\\/schema\\\/person\\\/4f00783d598aa84ba8dd46cbf011cf15\"},\"headline\":\"Comprar Ambientador Industrial con Aroma Calvin Klein\",\"datePublished\":\"2024-12-30T10:04:08+00:00\",\"dateModified\":\"2025-01-07T09:31:59+00:00\",\"mainEntityOfPage\":{\"@id\":\"https:\\\/\\\/suministressantfeliu.com\\\/comprar\\\/ambientador-industrial-calvin-klein\\\/\"},\"wordCount\":678,\"publisher\":{\"@id\":\"https:\\\/\\\/suministressantfeliu.com\\\/comprar\\\/#organization\"},\"image\":{\"@id\":\"https:\\\/\\\/suministressantfeliu.com\\\/comprar\\\/ambientador-industrial-calvin-klein\\\/#primaryimage\"},\"thumbnailUrl\":\"https:\\\/\\\/suministressantfeliu.com\\\/comprar\\\/wp-content\\\/uploads\\\/2024\\\/12\\\/ambientador-industrial-calvin-klein.jpg\",\"articleSection\":[\"Blog\"],\"inLanguage\":\"es\"},{\"@type\":\"WebPage\",\"@id\":\"https:\\\/\\\/suministressantfeliu.com\\\/comprar\\\/ambientador-industrial-calvin-klein\\\/\",\"url\":\"https:\\\/\\\/suministressantfeliu.com\\\/comprar\\\/ambientador-industrial-calvin-klein\\\/\",\"name\":\"Comprar Ambientador Industrial con Aroma Calvin Klein\",\"isPartOf\":{\"@id\":\"https:\\\/\\\/suministressantfeliu.com\\\/comprar\\\/#website\"},\"primaryImageOfPage\":{\"@id\":\"https:\\\/\\\/suministressantfeliu.com\\\/comprar\\\/ambientador-industrial-calvin-klein\\\/#primaryimage\"},\"image\":{\"@id\":\"https:\\\/\\\/suministressantfeliu.com\\\/comprar\\\/ambientador-industrial-calvin-klein\\\/#primaryimage\"},\"thumbnailUrl\":\"https:\\\/\\\/suministressantfeliu.com\\\/comprar\\\/wp-content\\\/uploads\\\/2024\\\/12\\\/ambientador-industrial-calvin-klein.jpg\",\"datePublished\":\"2024-12-30T10:04:08+00:00\",\"dateModified\":\"2025-01-07T09:31:59+00:00\",\"description\":\"Descubre el ambientador industrial con aroma Calvin Klein, ideal para negocios y hogares. Neutraliza olores y aporta frescura duradera\",\"breadcrumb\":{\"@id\":\"https:\\\/\\\/suministressantfeliu.com\\\/comprar\\\/ambientador-industrial-calvin-klein\\\/#breadcrumb\"},\"inLanguage\":\"es\",\"potentialAction\":[{\"@type\":\"ReadAction\",\"target\":[\"https:\\\/\\\/suministressantfeliu.com\\\/comprar\\\/ambientador-industrial-calvin-klein\\\/\"]}]},{\"@type\":\"ImageObject\",\"inLanguage\":\"es\",\"@id\":\"https:\\\/\\\/suministressantfeliu.com\\\/comprar\\\/ambientador-industrial-calvin-klein\\\/#primaryimage\",\"url\":\"https:\\\/\\\/suministressantfeliu.com\\\/comprar\\\/wp-content\\\/uploads\\\/2024\\\/12\\\/ambientador-industrial-calvin-klein.jpg\",\"contentUrl\":\"https:\\\/\\\/suministressantfeliu.com\\\/comprar\\\/wp-content\\\/uploads\\\/2024\\\/12\\\/ambientador-industrial-calvin-klein.jpg\",\"width\":1694,\"height\":1126,\"caption\":\"Ambientador Industrial\"},{\"@type\":\"BreadcrumbList\",\"@id\":\"https:\\\/\\\/suministressantfeliu.com\\\/comprar\\\/ambientador-industrial-calvin-klein\\\/#breadcrumb\",\"itemListElement\":[{\"@type\":\"ListItem\",\"position\":1,\"name\":\"Portada\",\"item\":\"https:\\\/\\\/suministressantfeliu.com\\\/comprar\\\/\"},{\"@type\":\"ListItem\",\"position\":2,\"name\":\"Comprar Ambientador Industrial con Aroma Calvin Klein\"}]},{\"@type\":\"WebSite\",\"@id\":\"https:\\\/\\\/suministressantfeliu.com\\\/comprar\\\/#website\",\"url\":\"https:\\\/\\\/suministressantfeliu.com\\\/comprar\\\/\",\"name\":\"Productos hosteler\u00eda\",\"description\":\"Venta de suministros profesionales para hosteler\u00eda\",\"publisher\":{\"@id\":\"https:\\\/\\\/suministressantfeliu.com\\\/comprar\\\/#organization\"},\"potentialAction\":[{\"@type\":\"SearchAction\",\"target\":{\"@type\":\"EntryPoint\",\"urlTemplate\":\"https:\\\/\\\/suministressantfeliu.com\\\/comprar\\\/?s={search_term_string}\"},\"query-input\":{\"@type\":\"PropertyValueSpecification\",\"valueRequired\":true,\"valueName\":\"search_term_string\"}}],\"inLanguage\":\"es\"},{\"@type\":\"Organization\",\"@id\":\"https:\\\/\\\/suministressantfeliu.com\\\/comprar\\\/#organization\",\"name\":\"Suministres Sant Feliu hosteleria\",\"url\":\"https:\\\/\\\/suministressantfeliu.com\\\/comprar\\\/\",\"logo\":{\"@type\":\"ImageObject\",\"inLanguage\":\"es\",\"@id\":\"https:\\\/\\\/suministressantfeliu.com\\\/comprar\\\/#\\\/schema\\\/logo\\\/image\\\/\",\"url\":\"https:\\\/\\\/suministressantfeliu.com\\\/comprar\\\/wp-content\\\/uploads\\\/2021\\\/03\\\/cropped-suministres-sant-feliu-logo.png\",\"contentUrl\":\"https:\\\/\\\/suministressantfeliu.com\\\/comprar\\\/wp-content\\\/uploads\\\/2021\\\/03\\\/cropped-suministres-sant-feliu-logo.png\",\"width\":668,\"height\":668,\"caption\":\"Suministres Sant Feliu hosteleria\"},\"image\":{\"@id\":\"https:\\\/\\\/suministressantfeliu.com\\\/comprar\\\/#\\\/schema\\\/logo\\\/image\\\/\"}},{\"@type\":\"Person\",\"@id\":\"https:\\\/\\\/suministressantfeliu.com\\\/comprar\\\/#\\\/schema\\\/person\\\/4f00783d598aa84ba8dd46cbf011cf15\",\"name\":\"comercial-fran\",\"sameAs\":[\"https:\\\/\\\/suministressantfeliu.com\\\/comprar\"]}]}<\/script>\n<!-- \/ Yoast SEO plugin. -->","yoast_head_json":{"title":"Comprar Ambientador Industrial con Aroma Calvin Klein","description":"Descubre el ambientador industrial con aroma Calvin Klein, ideal para negocios y hogares. Neutraliza olores y aporta frescura duradera","robots":{"index":"index","follow":"follow","max-snippet":"max-snippet:-1","max-image-preview":"max-image-preview:large","max-video-preview":"max-video-preview:-1"},"canonical":"https:\/\/suministressantfeliu.com\/comprar\/ambientador-industrial-calvin-klein\/","og_locale":"es_ES","og_type":"article","og_title":"Comprar Ambientador Industrial con Aroma Calvin Klein","og_description":"Descubre el ambientador industrial con aroma Calvin Klein, ideal para negocios y hogares. Neutraliza olores y aporta frescura duradera","og_url":"https:\/\/suministressantfeliu.com\/comprar\/ambientador-industrial-calvin-klein\/","og_site_name":"Venta Productos de hosteler\u00eda Barcelona","article_published_time":"2024-12-30T10:04:08+00:00","article_modified_time":"2025-01-07T09:31:59+00:00","og_image":[{"width":1694,"height":1126,"url":"https:\/\/suministressantfeliu.com\/comprar\/wp-content\/uploads\/2024\/12\/ambientador-industrial-calvin-klein.jpg","type":"image\/jpeg"}],"author":"comercial-fran","twitter_card":"summary_large_image","twitter_misc":{"Escrito por":"comercial-fran","Tiempo de lectura":"4 minutos"},"schema":{"@context":"https:\/\/schema.org","@graph":[{"@type":"Article","@id":"https:\/\/suministressantfeliu.com\/comprar\/ambientador-industrial-calvin-klein\/#article","isPartOf":{"@id":"https:\/\/suministressantfeliu.com\/comprar\/ambientador-industrial-calvin-klein\/"},"author":{"name":"comercial-fran","@id":"https:\/\/suministressantfeliu.com\/comprar\/#\/schema\/person\/4f00783d598aa84ba8dd46cbf011cf15"},"headline":"Comprar Ambientador Industrial con Aroma Calvin Klein","datePublished":"2024-12-30T10:04:08+00:00","dateModified":"2025-01-07T09:31:59+00:00","mainEntityOfPage":{"@id":"https:\/\/suministressantfeliu.com\/comprar\/ambientador-industrial-calvin-klein\/"},"wordCount":678,"publisher":{"@id":"https:\/\/suministressantfeliu.com\/comprar\/#organization"},"image":{"@id":"https:\/\/suministressantfeliu.com\/comprar\/ambientador-industrial-calvin-klein\/#primaryimage"},"thumbnailUrl":"https:\/\/suministressantfeliu.com\/comprar\/wp-content\/uploads\/2024\/12\/ambientador-industrial-calvin-klein.jpg","articleSection":["Blog"],"inLanguage":"es"},{"@type":"WebPage","@id":"https:\/\/suministressantfeliu.com\/comprar\/ambientador-industrial-calvin-klein\/","url":"https:\/\/suministressantfeliu.com\/comprar\/ambientador-industrial-calvin-klein\/","name":"Comprar Ambientador Industrial con Aroma Calvin Klein","isPartOf":{"@id":"https:\/\/suministressantfeliu.com\/comprar\/#website"},"primaryImageOfPage":{"@id":"https:\/\/suministressantfeliu.com\/comprar\/ambientador-industrial-calvin-klein\/#primaryimage"},"image":{"@id":"https:\/\/suministressantfeliu.com\/comprar\/ambientador-industrial-calvin-klein\/#primaryimage"},"thumbnailUrl":"https:\/\/suministressantfeliu.com\/comprar\/wp-content\/uploads\/2024\/12\/ambientador-industrial-calvin-klein.jpg","datePublished":"2024-12-30T10:04:08+00:00","dateModified":"2025-01-07T09:31:59+00:00","description":"Descubre el ambientador industrial con aroma Calvin Klein, ideal para negocios y hogares. Neutraliza olores y aporta frescura duradera","breadcrumb":{"@id":"https:\/\/suministressantfeliu.com\/comprar\/ambientador-industrial-calvin-klein\/#breadcrumb"},"inLanguage":"es","potentialAction":[{"@type":"ReadAction","target":["https:\/\/suministressantfeliu.com\/comprar\/ambientador-industrial-calvin-klein\/"]}]},{"@type":"ImageObject","inLanguage":"es","@id":"https:\/\/suministressantfeliu.com\/comprar\/ambientador-industrial-calvin-klein\/#primaryimage","url":"https:\/\/suministressantfeliu.com\/comprar\/wp-content\/uploads\/2024\/12\/ambientador-industrial-calvin-klein.jpg","contentUrl":"https:\/\/suministressantfeliu.com\/comprar\/wp-content\/uploads\/2024\/12\/ambientador-industrial-calvin-klein.jpg","width":1694,"height":1126,"caption":"Ambientador Industrial"},{"@type":"BreadcrumbList","@id":"https:\/\/suministressantfeliu.com\/comprar\/ambientador-industrial-calvin-klein\/#breadcrumb","itemListElement":[{"@type":"ListItem","position":1,"name":"Portada","item":"https:\/\/suministressantfeliu.com\/comprar\/"},{"@type":"ListItem","position":2,"name":"Comprar Ambientador Industrial con Aroma Calvin Klein"}]},{"@type":"WebSite","@id":"https:\/\/suministressantfeliu.com\/comprar\/#website","url":"https:\/\/suministressantfeliu.com\/comprar\/","name":"Productos hosteler\u00eda","description":"Venta de suministros profesionales para hosteler\u00eda","publisher":{"@id":"https:\/\/suministressantfeliu.com\/comprar\/#organization"},"potentialAction":[{"@type":"SearchAction","target":{"@type":"EntryPoint","urlTemplate":"https:\/\/suministressantfeliu.com\/comprar\/?s={search_term_string}"},"query-input":{"@type":"PropertyValueSpecification","valueRequired":true,"valueName":"search_term_string"}}],"inLanguage":"es"},{"@type":"Organization","@id":"https:\/\/suministressantfeliu.com\/comprar\/#organization","name":"Suministres Sant Feliu hosteleria","url":"https:\/\/suministressantfeliu.com\/comprar\/","logo":{"@type":"ImageObject","inLanguage":"es","@id":"https:\/\/suministressantfeliu.com\/comprar\/#\/schema\/logo\/image\/","url":"https:\/\/suministressantfeliu.com\/comprar\/wp-content\/uploads\/2021\/03\/cropped-suministres-sant-feliu-logo.png","contentUrl":"https:\/\/suministressantfeliu.com\/comprar\/wp-content\/uploads\/2021\/03\/cropped-suministres-sant-feliu-logo.png","width":668,"height":668,"caption":"Suministres Sant Feliu hosteleria"},"image":{"@id":"https:\/\/suministressantfeliu.com\/comprar\/#\/schema\/logo\/image\/"}},{"@type":"Person","@id":"https:\/\/suministressantfeliu.com\/comprar\/#\/schema\/person\/4f00783d598aa84ba8dd46cbf011cf15","name":"comercial-fran","sameAs":["https:\/\/suministressantfeliu.com\/comprar"]}]}},"_links":{"self":[{"href":"https:\/\/suministressantfeliu.com\/comprar\/wp-json\/wp\/v2\/posts\/10241","targetHints":{"allow":["GET"]}}],"collection":[{"href":"https:\/\/suministressantfeliu.com\/comprar\/wp-json\/wp\/v2\/posts"}],"about":[{"href":"https:\/\/suministressantfeliu.com\/comprar\/wp-json\/wp\/v2\/types\/post"}],"author":[{"embeddable":true,"href":"https:\/\/suministressantfeliu.com\/comprar\/wp-json\/wp\/v2\/users\/1"}],"replies":[{"embeddable":true,"href":"https:\/\/suministressantfeliu.com\/comprar\/wp-json\/wp\/v2\/comments?post=10241"}],"version-history":[{"count":2,"href":"https:\/\/suministressantfeliu.com\/comprar\/wp-json\/wp\/v2\/posts\/10241\/revisions"}],"predecessor-version":[{"id":10253,"href":"https:\/\/suministressantfeliu.com\/comprar\/wp-json\/wp\/v2\/posts\/10241\/revisions\/10253"}],"wp:featuredmedia":[{"embeddable":true,"href":"https:\/\/suministressantfeliu.com\/comprar\/wp-json\/wp\/v2\/media\/10243"}],"wp:attachment":[{"href":"https:\/\/suministressantfeliu.com\/comprar\/wp-json\/wp\/v2\/media?parent=10241"}],"wp:term":[{"taxonomy":"category","embeddable":true,"href":"https:\/\/suministressantfeliu.com\/comprar\/wp-json\/wp\/v2\/categories?post=10241"},{"taxonomy":"post_tag","embeddable":true,"href":"https:\/\/suministressantfeliu.com\/comprar\/wp-json\/wp\/v2\/tags?post=10241"}],"curies":[{"name":"wp","href":"https:\/\/api.w.org\/{rel}","templated":true}]}}